{"id":211,"date":"2014-08-26T20:10:42","date_gmt":"2014-08-26T18:10:42","guid":{"rendered":"http:\/\/blogeri.gelender.hr\/batica\/?p=211"},"modified":"2014-08-26T20:10:42","modified_gmt":"2014-08-26T18:10:42","slug":"mjerenje-staze-nastavak","status":"publish","type":"post","link":"https:\/\/blogeri.gelender.hr\/batica\/2014\/08\/26\/mjerenje-staze-nastavak\/","title":{"rendered":"MJERENJE STAZE &#8211; NASTAVAK"},"content":{"rendered":"<p><strong><\/strong>Sje\u0107a li se itko ovog? http:\/\/blogeri.gelender.hr\/batica\/2012\/10\/14\/mjerenje-staze\/<\/p>\n<p>Nije ne\u0161to, ali ne bu Sabljarka sa svojim fle\u0161bekovima bil prvi me\u0111u &#8220;blogerima&#8221;, ina\u010de, sve samim plodnim autorima koji sipaju tekstove iz rukava, nogavica i sli\u010dno&#8230;<\/p>\n<p>Elem, skrenuh danaske bicom po plo\u010dniku iz Bednjanske u Miramarsku, gdje, preko puta benzinske, dvojica murjaka na motorima zaustavljaju aute, ali jedan od njih, zamijetiv\u0161i me, ne budi lijen, poka\u017ee rukom da stanem i, normalno, odmah mi sve jasno, ho\u0107e mi naplatiti kaznu za vo\u017enju plo\u010dnikom, no, eto sre\u0107e u nesre\u0107i, prepoznam \u010duvara zakona koji je suludog Poljaka i mene vodio kroz gradske ulice pri mjerenju staze te to bje\u0161e prvo \u0161to sam mu rekao si\u0161av\u0161i s bicikla i pru\u017eio mu ruku. Yes! Na ovu re\u010denicu bila bi ponosna i sama Leposava Krle\u017ea! Uglavnoa, to ga je instant smek\u0161alo, objasnio mi je zakon i pustio me &#8211; ajd bar neka korist od mjerenja staze!<\/p>\n<p>Pravila:<\/p>\n<p>1. Biciklom se po plo\u010dniku smije\u0161 voziti jedino ako postoji biciklisti\u010dka staza, ina\u010de po cesti uz desni rub kolnika, pri \u010demu zakon ne govori ni\u0161ta o situaciji kad su uz desni rub tramvajske tra\u010dnice.<\/p>\n<p>2. Pri vo\u017enji biciklom ne smije\u0161 razgovarati na mobitel.<\/p>\n<p>3. No\u0107u mora\u0161 imati reflektiraju\u0107i prsluk te prednje i stra\u017enje svjetlo.<\/p>\n<p>4. Kaciga nije obvezatna za starije od 16 godina (\u010ditaj: mar\u0161 na cestu i umri &#8211; ko te &#8230;. tebe!).<\/p>\n<p>Yeah!<\/p>\n","protected":false},"excerpt":{"rendered":"<p>Sje\u0107a li se itko ovog? http:\/\/blogeri.gelender.hr\/batica\/2012\/10\/14\/mjerenje-staze\/ Nije ne\u0161to, ali ne bu Sabljarka sa svojim fle\u0161bekovima bil prvi me\u0111u &#8220;blogerima&#8221;, ina\u010de, sve samim plodnim autorima koji sipaju tekstove iz rukava, nogavica i sli\u010dno&#8230; Elem, skrenuh danaske bicom po plo\u010dniku iz Bednjanske &hellip; <a href=\"https:\/\/blogeri.gelender.hr\/batica\/2014\/08\/26\/mjerenje-staze-nastavak\/\">Continue reading <span class=\"meta-nav\">&rarr;<\/span><\/a><\/p>\n","protected":false},"author":5,"featured_media":0,"comment_status":"open","ping_status":"open","sticky":false,"template":"","format":"standard","meta":{"footnotes":""},"categories":[1],"tags":[],"class_list":["post-211","post","type-post","status-publish","format-standard","hentry","category-uncategorized"],"_links":{"self":[{"href":"https:\/\/blogeri.gelender.hr\/batica\/wp-json\/wp\/v2\/posts\/211","targetHints":{"allow":["GET"]}}],"collection":[{"href":"https:\/\/blogeri.gelender.hr\/batica\/wp-json\/wp\/v2\/posts"}],"about":[{"href":"https:\/\/blogeri.gelender.hr\/batica\/wp-json\/wp\/v2\/types\/post"}],"author":[{"embeddable":true,"href":"https:\/\/blogeri.gelender.hr\/batica\/wp-json\/wp\/v2\/users\/5"}],"replies":[{"embeddable":true,"href":"https:\/\/blogeri.gelender.hr\/batica\/wp-json\/wp\/v2\/comments?post=211"}],"version-history":[{"count":1,"href":"https:\/\/blogeri.gelender.hr\/batica\/wp-json\/wp\/v2\/posts\/211\/revisions"}],"predecessor-version":[{"id":212,"href":"https:\/\/blogeri.gelender.hr\/batica\/wp-json\/wp\/v2\/posts\/211\/revisions\/212"}],"wp:attachment":[{"href":"https:\/\/blogeri.gelender.hr\/batica\/wp-json\/wp\/v2\/media?parent=211"}],"wp:term":[{"taxonomy":"category","embeddable":true,"href":"https:\/\/blogeri.gelender.hr\/batica\/wp-json\/wp\/v2\/categories?post=211"},{"taxonomy":"post_tag","embeddable":true,"href":"https:\/\/blogeri.gelender.hr\/batica\/wp-json\/wp\/v2\/tags?post=211"}],"curies":[{"name":"wp","href":"https:\/\/api.w.org\/{rel}","templated":true}]}}