{"id":145,"date":"2012-11-09T17:19:34","date_gmt":"2012-11-09T16:19:34","guid":{"rendered":"http:\/\/blogeri.gelender.hr\/lino\/?p=145"},"modified":"2012-11-09T17:19:34","modified_gmt":"2012-11-09T16:19:34","slug":"o-sezona-2012","status":"publish","type":"post","link":"https:\/\/blogeri.gelender.hr\/lino\/2012\/11\/09\/o-sezona-2012\/","title":{"rendered":"O-sezona 2012"},"content":{"rendered":"<p><img loading=\"lazy\" decoding=\"async\" class=\"alignleft size-full wp-image-146\" style=\"margin: 0px 5px 5px 0px\" src=\"http:\/\/blogeri.gelender.hr\/lino\/files\/2012\/11\/error.jpg\" alt=\"\" width=\"349\" height=\"269\" srcset=\"https:\/\/blogeri.gelender.hr\/lino\/files\/2012\/11\/error.jpg 349w, https:\/\/blogeri.gelender.hr\/lino\/files\/2012\/11\/error-300x231.jpg 300w\" sizes=\"auto, (max-width: 349px) 100vw, 349px\" \/> Sa Spartacusom je za mene zavr\u0161ila o-sezona 2012. Kad sad podvu\u010dem crtu, saldo i nije ba\u0161 neki. \u0160tovi\u0161e, \u010dini mi se da nikad nije bio tako mr\u0161av u proteklih 20 godina koliko me ima po \u0161umama. Ne znam da li je to do vremena ili do mene, no ne\u0161to se svakako moralo dogoditi da me trgne iz one letargije koja me pokosila u jesen 2008-e. Od 5 dr\u017eavnih prvenstava, nastupio sam na 4 i spremio 4 medalje. Jedino, ali najvrijednije i najdra\u017ee, zlato u \u0161tafeti sa Edijem i Matijom. U Kupu 4ti, sa taman dovoljno trka za plasman. 2013-ta je daleko, sa ovog mjesta, i ostaje vidjeti koliko mi tijelo mo\u017ee podnijeti nekakve smislenije treninge. Ma\u0111arska je opet pro\u0161la u dobrom dru\u0161tvu i dru\u017eenju. OK Japeti\u0107 je masovno pohodio natjecanje i nastavio tradiciju. Vrijeme je bilo idealno, malo vjetrovito u subotu, no ina\u010de sun\u010dano i vedro. \u0160uma prekrasna za tr\u010danje, tek mjestimice sa malo gusti\u0161a i podrasta. Osje\u0107aj na trenutke podijeljen &#8211; s jedne se strane tijelo sje\u0107a lako\u0107e koraka i snage, a s druge, \u0161to je sada\u0161nja stvarnost, poku\u0161ava iz sebe dati vi\u0161e no \u0161to mo\u017ee. <a href=\"http:\/\/blogeri.gelender.hr\/lino\/files\/2012\/11\/Spartacus2012_1dan.jpg\" target=\"_blank\">Prvi dan<\/a> sam i\u0161ao relativno dobro, dosta se borio sa smjerom i morao se nekoliko puta korigirati. Ne par mjesta (1,4) sam riskirao kroz zeleno \u0161to nije svaki put bilo najpametnije, ali barem sam se tamo malo odmarao. Na samom kraju staze, razmi\u0161ljaju\u0107i vi\u0161e o klubskom natjecanju u utr\u010davanju nego o dionici, uletio sam punom brzinom i glavom bez obzira u niske borove i izgubio 2.5&#8242;. Ina\u010de, Edi i Matija su podijelili prvo mjesto sa 11&#8243; utr\u010davanjem. Usporedbe radi, imali su najbolje vrijeme utr\u010davanja od 900 ljudi na trci. <a href=\"http:\/\/blogeri.gelender.hr\/lino\/files\/2012\/11\/Spartacus2012_2dan.jpg\" target=\"_blank\">Drugi dan<\/a> je tijelo bilo uko\u010deno i tromo jer se dan prije nisam niti rastr\u010dao niti rastegao nakon trke, pa sam se sve bojao kako \u0107e ispasti. Prvih par kontrola odmah u brdo, a onda lijepa dionica \u010distom \u0161umom na KT6. Skoro da sam sam sebe psovao \u0161to noge nisu htjele br\u017ee. KT7 i KT8 sam riskirao s varijantama (ravno, a ne okolo) i tu ne\u0161to malo dobio. Ostatak staze koliko je i\u0161lo, a onda sli\u010dna gre\u0161ka na predzadnju kao i prvi dan. Ovaj sam put imao bolji napad, ali u uvalu se nisam spustio dovoljno rano i u tim niskim borovima jednostavno protr\u010dao pored kontrole. Ponovno 1.5&#8242; gre\u0161ke. Edi je imao istu stazu u M35 i oba me dana dobio. Nakon toga, prognozirao sam mu 40:00 na JGL-u, ali takva ludnica na poslu kakvu on ima ostavlja traga, pogotovo na tr\u010danjima u 5:30!! Od 1.11. sam si odredio zimske treninge (ne, nemam nikakav plan &#8211; to je vi\u0161e samo etikete radi :)) pa \u0107emo vidjeti kako \u0107e biti dalje. Atletski treninzi, \u0161to se ti\u010de motivacije, ne\u0107e pro\u0107i, to sigurno, ali tr\u010danje po \u0161umi i o-treninzi to svakako. Ma, glavno da se u\u017eiva u tr\u010danju, zar ne? \ud83d\ude42<\/p>\n","protected":false},"excerpt":{"rendered":"<p>Sa Spartacusom je za mene zavr\u0161ila o-sezona 2012. Kad sad podvu\u010dem crtu, saldo i nije ba\u0161 neki. \u0160tovi\u0161e, \u010dini mi se da nikad nije bio tako mr\u0161av u proteklih 20 godina koliko me ima po \u0161umama. Ne znam da li je to do vremena ili do mene, no ne\u0161to se svakako moralo dogoditi da me [&hellip;]<\/p>\n","protected":false},"author":10,"featured_media":0,"comment_status":"open","ping_status":"open","sticky":false,"template":"","format":"standard","meta":{"footnotes":""},"categories":[1],"tags":[],"class_list":["post-145","post","type-post","status-publish","format-standard","hentry","category-orijentacija"],"_links":{"self":[{"href":"https:\/\/blogeri.gelender.hr\/lino\/wp-json\/wp\/v2\/posts\/145","targetHints":{"allow":["GET"]}}],"collection":[{"href":"https:\/\/blogeri.gelender.hr\/lino\/wp-json\/wp\/v2\/posts"}],"about":[{"href":"https:\/\/blogeri.gelender.hr\/lino\/wp-json\/wp\/v2\/types\/post"}],"author":[{"embeddable":true,"href":"https:\/\/blogeri.gelender.hr\/lino\/wp-json\/wp\/v2\/users\/10"}],"replies":[{"embeddable":true,"href":"https:\/\/blogeri.gelender.hr\/lino\/wp-json\/wp\/v2\/comments?post=145"}],"version-history":[{"count":4,"href":"https:\/\/blogeri.gelender.hr\/lino\/wp-json\/wp\/v2\/posts\/145\/revisions"}],"predecessor-version":[{"id":184,"href":"https:\/\/blogeri.gelender.hr\/lino\/wp-json\/wp\/v2\/posts\/145\/revisions\/184"}],"wp:attachment":[{"href":"https:\/\/blogeri.gelender.hr\/lino\/wp-json\/wp\/v2\/media?parent=145"}],"wp:term":[{"taxonomy":"category","embeddable":true,"href":"https:\/\/blogeri.gelender.hr\/lino\/wp-json\/wp\/v2\/categories?post=145"},{"taxonomy":"post_tag","embeddable":true,"href":"https:\/\/blogeri.gelender.hr\/lino\/wp-json\/wp\/v2\/tags?post=145"}],"curies":[{"name":"wp","href":"https:\/\/api.w.org\/{rel}","templated":true}]}}