{"id":746,"date":"2020-01-17T18:16:35","date_gmt":"2020-01-17T18:16:35","guid":{"rendered":"http:\/\/blogeri.gelender.hr\/mukki\/?p=746"},"modified":"2020-01-17T18:24:25","modified_gmt":"2020-01-17T18:24:25","slug":"v-20-20","status":"publish","type":"post","link":"https:\/\/blogeri.gelender.hr\/mukki\/2020\/01\/17\/v-20-20\/","title":{"rendered":"V 20\/20"},"content":{"rendered":"\n<p>Nu\u017ene i jedine informacije o V140+ (najjednostavniji trekking u RH), izdanje 2020: po\u010detak: parking Paklenica, 3.7. (rezervna varijanta: 10.7.), 23.59 ili ranije\u00a0\u00a0\u00a0\u00a0\u00a0\u00a0\u00a0\u00a0\u00a0\u00a0\u00a0\u00a0\u00a0\u00a0\u00a0\u00a0\u00a0\u00a0\u00a0\u00a0\u00a0\u00a0\u00a0 kraj: Senj (kula ili pla\u017ea, po izboru), 24-40 sati od starta\u00a0\u00a0\u00a0\u00a0\u00a0\u00a0\u00a0\u00a0\u00a0\u00a0\u00a0\u00a0\u00a0\u00a0\u00a0\u00a0\u00a0\u00a0\u00a0\u00a0\u00a0\u00a0\u00a0\u00a0\u00a0\u00a0\u00a0\u00a0\u00a0\u00a0\u00a0\u00a0\u00a0\u00a0\u00a0\u00a0\u00a0\u00a0\u00a0\u00a0\u00a0\u00a0\u00a0\u00a0\u00a0\u00a0\u00a0\u00a0\u00a0\u00a0\u00a0\u00a0\u00a0\u00a0 trasa: parking Paklenica- Ivine Vodice- Zavi\u017ean- Senj (140 km); planinarske markacije pokrivaju cijelu stazu do izlaza iz Oltara. Fora, ha?\u00a0\u00a0\u00a0\u00a0\u00a0\u00a0\u00a0\u00a0\u00a0\u00a0\u00a0\u00a0\u00a0\u00a0\u00a0\u00a0\u00a0\u00a0\u00a0\u00a0\u00a0\u00a0\u00a0\u00a0\u00a0\u00a0\u00a0\u00a0\u00a0\u00a0\u00a0\u00a0\u00a0\u00a0\u00a0\u00a0\u00a0\u00a0\u00a0\u00a0\u00a0\u00a0\u00a0\u00a0\u00a0\u00a0\u00a0\u00a0\u00a0\u00a0\u00a0\u00a0\u00a0\u00a0\u00a0\u00a0\u00a0\u00a0\u00a0\u00a0\u00a0\u00a0\u00a0\u00a0\u00a0 voda: Paklenica (vi\u0161e mjesta), Ivine Vodice, Marasovac, \u0160ugarska duliba, Ba\u0161ke O\u0161tarije, Skorpovac, Alan, Zavi\u017ean, sela na potezu Oltare-Senj\u00a0\u00a0\u00a0\u00a0\u00a0\u00a0\u00a0\u00a0\u00a0\u00a0\u00a0\u00a0\u00a0\u00a0\u00a0\u00a0\u00a0\u00a0\u00a0\u00a0\u00a0\u00a0\u00a0\u00a0\u00a0\u00a0\u00a0\u00a0\u00a0\u00a0\u00a0\u00a0\u00a0\u00a0\u00a0\u00a0\u00a0\u00a0\u00a0\u00a0\u00a0\u00a0\u00a0\u00a0\u00a0\u00a0\u00a0\u00a0\u00a0\u00a0\u00a0\u00a0\u00a0\u00a0\u00a0\u00a0\u00a0 hrana: hostel, Ba\u0161ke O\u0161tarije\u00a0\u00a0\u00a0\u00a0\u00a0\u00a0\u00a0\u00a0\u00a0\u00a0\u00a0\u00a0\u00a0\u00a0\u00a0\u00a0\u00a0\u00a0\u00a0\u00a0\u00a0\u00a0\u00a0\u00a0\u00a0\u00a0\u00a0\u00a0\u00a0\u00a0\u00a0\u00a0\u00a0\u00a0\u00a0\u00a0\u00a0\u00a0\u00a0\u00a0\u00a0\u00a0\u00a0\u00a0\u00a0\u00a0\u00a0\u00a0\u00a0\u00a0\u00a0\u00a0\u00a0\u00a0\u00a0\u00a0\u00a0\u00a0\u00a0\u00a0\u00a0\u00a0\u00a0\u00a0\u00a0\u00a0\u00a0\u00a0\u00a0\u00a0\u00a0\u00a0\u00a0\u00a0\u00a0\u00a0\u00a0\u00a0\u00a0\u00a0\u00a0\u00a0\u00a0\u00a0\u00a0\u00a0\u00a0\u00a0\u00a0\u00a0\u00a0\u00a0\u00a0\u00a0\u00a0\u00a0 obavezna oprema: sve \u0161to treba\u00a0\u00a0\u00a0\u00a0\u00a0\u00a0\u00a0\u00a0\u00a0\u00a0\u00a0\u00a0\u00a0\u00a0\u00a0\u00a0\u00a0\u00a0\u00a0\u00a0\u00a0\u00a0\u00a0\u00a0\u00a0\u00a0\u00a0\u00a0\u00a0\u00a0\u00a0\u00a0\u00a0\u00a0\u00a0\u00a0\u00a0\u00a0\u00a0\u00a0\u00a0\u00a0\u00a0\u00a0\u00a0\u00a0\u00a0\u00a0\u00a0\u00a0\u00a0\u00a0\u00a0\u00a0\u00a0\u00a0\u00a0\u00a0\u00a0\u00a0\u00a0\u00a0\u00a0\u00a0\u00a0\u00a0\u00a0\u00a0\u00a0\u00a0\u00a0\u00a0\u00a0\u00a0\u00a0\u00a0\u00a0\u00a0\u00a0\u00a0\u00a0\u00a0\u00a0\u00a0\u00a0\u00a0\u00a0\u00a0\u00a0\u00a0\u00a0\u00a0\u00a0 preporuka: kre\u0107i se optimalnom brzinom, respektiraj i u\u017eivaj <\/p>\n\n\n\n<figure class=\"wp-block-image\"><img loading=\"lazy\" decoding=\"async\" width=\"1024\" height=\"768\" src=\"http:\/\/blogeri.gelender.hr\/mukki\/files\/2020\/01\/stap-1024x768.jpg\" alt=\"\" class=\"wp-image-747\" srcset=\"https:\/\/blogeri.gelender.hr\/mukki\/files\/2020\/01\/stap-1024x768.jpg 1024w, https:\/\/blogeri.gelender.hr\/mukki\/files\/2020\/01\/stap-300x225.jpg 300w, https:\/\/blogeri.gelender.hr\/mukki\/files\/2020\/01\/stap-768x576.jpg 768w, https:\/\/blogeri.gelender.hr\/mukki\/files\/2020\/01\/stap.jpg 1287w\" sizes=\"auto, (max-width: 1024px) 100vw, 1024px\" \/><figcaption>Kre\u0107em se u pravcu Ra.<\/figcaption><\/figure>\n","protected":false},"excerpt":{"rendered":"<p>Nu\u017ene i jedine informacije o V140+ (najjednostavniji trekking u RH), izdanje 2020: po\u010detak: parking Paklenica, 3.7. (rezervna varijanta: 10.7.), 23.59 ili ranije\u00a0\u00a0\u00a0\u00a0\u00a0\u00a0\u00a0\u00a0\u00a0\u00a0\u00a0\u00a0\u00a0\u00a0\u00a0\u00a0\u00a0\u00a0\u00a0\u00a0\u00a0\u00a0\u00a0 kraj: Senj (kula ili pla\u017ea, po izboru), 24-40 sati od starta\u00a0\u00a0\u00a0\u00a0\u00a0\u00a0\u00a0\u00a0\u00a0\u00a0\u00a0\u00a0\u00a0\u00a0\u00a0\u00a0\u00a0\u00a0\u00a0\u00a0\u00a0\u00a0\u00a0\u00a0\u00a0\u00a0\u00a0\u00a0\u00a0\u00a0\u00a0\u00a0\u00a0\u00a0\u00a0\u00a0\u00a0\u00a0\u00a0\u00a0\u00a0\u00a0\u00a0\u00a0\u00a0\u00a0\u00a0\u00a0\u00a0\u00a0\u00a0\u00a0\u00a0\u00a0 trasa: parking Paklenica- Ivine Vodice- Zavi\u017ean- Senj &hellip; <a href=\"https:\/\/blogeri.gelender.hr\/mukki\/2020\/01\/17\/v-20-20\/\">Continue reading <span class=\"meta-nav\">&rarr;<\/span><\/a><\/p>\n","protected":false},"author":3,"featured_media":0,"comment_status":"open","ping_status":"open","sticky":false,"template":"","format":"standard","meta":{"footnotes":""},"categories":[1],"tags":[],"class_list":["post-746","post","type-post","status-publish","format-standard","hentry","category-uncategorized"],"_links":{"self":[{"href":"https:\/\/blogeri.gelender.hr\/mukki\/wp-json\/wp\/v2\/posts\/746","targetHints":{"allow":["GET"]}}],"collection":[{"href":"https:\/\/blogeri.gelender.hr\/mukki\/wp-json\/wp\/v2\/posts"}],"about":[{"href":"https:\/\/blogeri.gelender.hr\/mukki\/wp-json\/wp\/v2\/types\/post"}],"author":[{"embeddable":true,"href":"https:\/\/blogeri.gelender.hr\/mukki\/wp-json\/wp\/v2\/users\/3"}],"replies":[{"embeddable":true,"href":"https:\/\/blogeri.gelender.hr\/mukki\/wp-json\/wp\/v2\/comments?post=746"}],"version-history":[{"count":7,"href":"https:\/\/blogeri.gelender.hr\/mukki\/wp-json\/wp\/v2\/posts\/746\/revisions"}],"predecessor-version":[{"id":755,"href":"https:\/\/blogeri.gelender.hr\/mukki\/wp-json\/wp\/v2\/posts\/746\/revisions\/755"}],"wp:attachment":[{"href":"https:\/\/blogeri.gelender.hr\/mukki\/wp-json\/wp\/v2\/media?parent=746"}],"wp:term":[{"taxonomy":"category","embeddable":true,"href":"https:\/\/blogeri.gelender.hr\/mukki\/wp-json\/wp\/v2\/categories?post=746"},{"taxonomy":"post_tag","embeddable":true,"href":"https:\/\/blogeri.gelender.hr\/mukki\/wp-json\/wp\/v2\/tags?post=746"}],"curies":[{"name":"wp","href":"https:\/\/api.w.org\/{rel}","templated":true}]}}